{"id":1503,"date":"2023-12-04T10:21:34","date_gmt":"2023-12-04T09:21:34","guid":{"rendered":"https:\/\/bedburg-lebt-demokratie.de\/?p=1503"},"modified":"2024-08-30T12:58:19","modified_gmt":"2024-08-30T10:58:19","slug":"basketball-spielen-im-rollstuhl","status":"publish","type":"post","link":"https:\/\/bedburg-lebt-demokratie.de\/?p=1503","title":{"rendered":"Basketball spielen im Rollstuhl"},"content":{"rendered":"<p style=\"font-weight: 400;\">Im Rahmen des Themas \u201eBarrierefreiheit\u201c fand am 23.11.2023 ein Aktionsabend statt: Jugendliche, die die Rheinflanke besuchen, trainierten gemeinsam mit SpielerInnen des \u201eRSC-Bergheim\u201c, einem Rollstuhl-Sport-Club, in der Turnhalle des Schulzentrums Basketball. Die SpielerInnen des RSCs sind mehrheitlich auf Rollst\u00fchle angewiesen, wodurch die Voraussetzungen f\u00fcr so ein Spiel ganz anders ausfallen als f\u00fcr Menschen, die nicht auf dieses Hilfsmittel angewiesen sind.<\/p>\n<p style=\"font-weight: 400;\">Rund 50 TeilnehmerInnen, w\u00e4rmten sich bei einem gemeinsamen Aufw\u00e4rmspiel auf, wobei gerade die Jugendlichen der Rheinflanke erste Versuche im Umgang mit einem Rollstuhl machen konnten. Schnell zeigte sich, dass bestimmte Handlungen nicht wie gewohnt durchgef\u00fchrt werden konnten und neue Strategien \u00fcberlegt und zum Einsatz gebracht werden mussten. F\u00fcr manch einen war dies ein eindrucksvolles Erlebnis.<\/p>\n<p style=\"font-weight: 400;\">Das daran anschlie\u00dfende gemeinsame Spiel machte allen TeilnehmerInnen viel Spa\u00df, einige SpielerInnen kamen dabei auch recht ins Schwitzen. Abschlie\u00dfend klang dieser Abend mit Getr\u00e4nken und einer leckeren Pizza aus, wobei dieser Zeitpunkt Raum f\u00fcr den Austausch \u00fcber gewonnene Eindr\u00fccke bot.<\/p>\n<p><img loading=\"lazy\" decoding=\"async\" class=\"alignnone size-medium wp-image-1506\" src=\"https:\/\/bedburg-lebt-demokratie.de\/wp-content\/uploads\/2023\/12\/PHOTO-2023-11-29-14-39-12-300x225.jpg\" alt=\"\" width=\"300\" height=\"225\" srcset=\"https:\/\/bedburg-lebt-demokratie.de\/wp-content\/uploads\/2023\/12\/PHOTO-2023-11-29-14-39-12-200x150.jpg 200w, https:\/\/bedburg-lebt-demokratie.de\/wp-content\/uploads\/2023\/12\/PHOTO-2023-11-29-14-39-12-300x225.jpg 300w, https:\/\/bedburg-lebt-demokratie.de\/wp-content\/uploads\/2023\/12\/PHOTO-2023-11-29-14-39-12-400x300.jpg 400w, https:\/\/bedburg-lebt-demokratie.de\/wp-content\/uploads\/2023\/12\/PHOTO-2023-11-29-14-39-12-600x450.jpg 600w, https:\/\/bedburg-lebt-demokratie.de\/wp-content\/uploads\/2023\/12\/PHOTO-2023-11-29-14-39-12-768x576.jpg 768w, https:\/\/bedburg-lebt-demokratie.de\/wp-content\/uploads\/2023\/12\/PHOTO-2023-11-29-14-39-12-800x600.jpg 800w, https:\/\/bedburg-lebt-demokratie.de\/wp-content\/uploads\/2023\/12\/PHOTO-2023-11-29-14-39-12.jpg 1024w\" sizes=\"auto, (max-width: 300px) 100vw, 300px\" \/><img loading=\"lazy\" decoding=\"async\" class=\"alignnone size-medium wp-image-1504\" src=\"https:\/\/bedburg-lebt-demokratie.de\/wp-content\/uploads\/2023\/12\/PHOTO-2023-11-29-14-37-44-300x225.jpg\" alt=\"\" width=\"300\" height=\"225\" srcset=\"https:\/\/bedburg-lebt-demokratie.de\/wp-content\/uploads\/2023\/12\/PHOTO-2023-11-29-14-37-44-200x150.jpg 200w, https:\/\/bedburg-lebt-demokratie.de\/wp-content\/uploads\/2023\/12\/PHOTO-2023-11-29-14-37-44-300x225.jpg 300w, https:\/\/bedburg-lebt-demokratie.de\/wp-content\/uploads\/2023\/12\/PHOTO-2023-11-29-14-37-44-400x300.jpg 400w, https:\/\/bedburg-lebt-demokratie.de\/wp-content\/uploads\/2023\/12\/PHOTO-2023-11-29-14-37-44-600x450.jpg 600w, https:\/\/bedburg-lebt-demokratie.de\/wp-content\/uploads\/2023\/12\/PHOTO-2023-11-29-14-37-44-768x576.jpg 768w, https:\/\/bedburg-lebt-demokratie.de\/wp-content\/uploads\/2023\/12\/PHOTO-2023-11-29-14-37-44-800x600.jpg 800w, https:\/\/bedburg-lebt-demokratie.de\/wp-content\/uploads\/2023\/12\/PHOTO-2023-11-29-14-37-44-1024x768.jpg 1024w, https:\/\/bedburg-lebt-demokratie.de\/wp-content\/uploads\/2023\/12\/PHOTO-2023-11-29-14-37-44-1200x900.jpg 1200w, https:\/\/bedburg-lebt-demokratie.de\/wp-content\/uploads\/2023\/12\/PHOTO-2023-11-29-14-37-44-1536x1152.jpg 1536w\" sizes=\"auto, (max-width: 300px) 100vw, 300px\" \/><img loading=\"lazy\" decoding=\"async\" class=\"alignnone size-medium wp-image-1507\" src=\"https:\/\/bedburg-lebt-demokratie.de\/wp-content\/uploads\/2023\/12\/PHOTO-2023-11-29-14-36-32-225x300.jpg\" alt=\"\" width=\"225\" height=\"300\" srcset=\"https:\/\/bedburg-lebt-demokratie.de\/wp-content\/uploads\/2023\/12\/PHOTO-2023-11-29-14-36-32-200x267.jpg 200w, https:\/\/bedburg-lebt-demokratie.de\/wp-content\/uploads\/2023\/12\/PHOTO-2023-11-29-14-36-32-225x300.jpg 225w, https:\/\/bedburg-lebt-demokratie.de\/wp-content\/uploads\/2023\/12\/PHOTO-2023-11-29-14-36-32-400x533.jpg 400w, https:\/\/bedburg-lebt-demokratie.de\/wp-content\/uploads\/2023\/12\/PHOTO-2023-11-29-14-36-32.jpg 480w\" sizes=\"auto, (max-width: 225px) 100vw, 225px\" \/><\/p>\n","protected":false},"excerpt":{"rendered":"<p>Im Rahmen des Themas \u201eBarrierefreiheit\u201c fand am 23.11.2023 ein Aktionsabend statt: Jugendliche, die die Rheinflanke besuchen, trainierten gemeinsam mit SpielerInnen des \u201eRSC-Bergheim\u201c, einem Rollstuhl-Sport-Club, in der Turnhalle des Schulzentrums Basketball. Die SpielerInnen des RSCs sind mehrheitlich auf Rollst\u00fchle angewiesen, wodurch die Voraussetzungen f\u00fcr so ein Spiel ganz anders ausfallen als f\u00fcr Menschen, die nicht auf [&hellip;]<\/p>\n","protected":false},"author":8,"featured_media":1508,"comment_status":"open","ping_status":"open","sticky":false,"template":"","format":"standard","meta":{"_bbp_topic_count":0,"_bbp_reply_count":0,"_bbp_total_topic_count":0,"_bbp_total_reply_count":0,"_bbp_voice_count":0,"_bbp_anonymous_reply_count":0,"_bbp_topic_count_hidden":0,"_bbp_reply_count_hidden":0,"_bbp_forum_subforum_count":0,"footnotes":""},"categories":[1,105],"tags":[],"class_list":["post-1503","post","type-post","status-publish","format-standard","has-post-thumbnail","hentry","category-allgemein","category-jugendforum"],"_links":{"self":[{"href":"https:\/\/bedburg-lebt-demokratie.de\/index.php?rest_route=\/wp\/v2\/posts\/1503","targetHints":{"allow":["GET"]}}],"collection":[{"href":"https:\/\/bedburg-lebt-demokratie.de\/index.php?rest_route=\/wp\/v2\/posts"}],"about":[{"href":"https:\/\/bedburg-lebt-demokratie.de\/index.php?rest_route=\/wp\/v2\/types\/post"}],"author":[{"embeddable":true,"href":"https:\/\/bedburg-lebt-demokratie.de\/index.php?rest_route=\/wp\/v2\/users\/8"}],"replies":[{"embeddable":true,"href":"https:\/\/bedburg-lebt-demokratie.de\/index.php?rest_route=%2Fwp%2Fv2%2Fcomments&post=1503"}],"version-history":[{"count":4,"href":"https:\/\/bedburg-lebt-demokratie.de\/index.php?rest_route=\/wp\/v2\/posts\/1503\/revisions"}],"predecessor-version":[{"id":1511,"href":"https:\/\/bedburg-lebt-demokratie.de\/index.php?rest_route=\/wp\/v2\/posts\/1503\/revisions\/1511"}],"wp:featuredmedia":[{"embeddable":true,"href":"https:\/\/bedburg-lebt-demokratie.de\/index.php?rest_route=\/wp\/v2\/media\/1508"}],"wp:attachment":[{"href":"https:\/\/bedburg-lebt-demokratie.de\/index.php?rest_route=%2Fwp%2Fv2%2Fmedia&parent=1503"}],"wp:term":[{"taxonomy":"category","embeddable":true,"href":"https:\/\/bedburg-lebt-demokratie.de\/index.php?rest_route=%2Fwp%2Fv2%2Fcategories&post=1503"},{"taxonomy":"post_tag","embeddable":true,"href":"https:\/\/bedburg-lebt-demokratie.de\/index.php?rest_route=%2Fwp%2Fv2%2Ftags&post=1503"}],"curies":[{"name":"wp","href":"https:\/\/api.w.org\/{rel}","templated":true}]}}