{"id":1757,"date":"2025-12-09T08:59:46","date_gmt":"2025-12-09T07:59:46","guid":{"rendered":"https:\/\/bedburg-lebt-demokratie.de\/?p=1757"},"modified":"2026-02-04T10:04:43","modified_gmt":"2026-02-04T09:04:43","slug":"inklusion-im-kinderzimmer","status":"publish","type":"post","link":"https:\/\/bedburg-lebt-demokratie.de\/?p=1757","title":{"rendered":"Inklusion im Kinderzimmer"},"content":{"rendered":"<p>Die Geschwister-Stern-Schule in Kirchherten hat in diesem Jahr mit allen 3. und 4. Klassen einen Thementag zur Inklusion gemacht. In Gruppengr\u00f6\u00dfen von 25-30 Kindern hat die Autorin Kristina Merbecks je aus ihrem Buch &#8220;Juri &#8211; ein Bruder wie kein anderer&#8221; gelesen und anschlie\u00dfend in einem Workshop mit den Kindern \u00fcber Themen wie Familie, Geschwister und nat\u00fcrlich Menschen mit Behinderung gesprochen.<\/p>\n<p>Die Kinder waren sehr interessiert und haben rege diskutiert und ihre Meinungen und Gef\u00fchle zur Geschichte ge\u00e4u\u00dfert. Auch die Ehrlichkeit der Kinder hat die Autorin beeindruckt. &#8220;Kinder sagen dann auch einfach mal: &gt;Das w\u00e4re mir zu anstrengend mit so einem Geschwisterkind!&lt; Und das ist auch gut so, dass sie das sagen. Sie denken vorher nicht nach, ob das, was sie sagen richtig oder falsch ist und \u00f6ffnen damit den Raum f\u00fcr Gespr\u00e4che und Dialog.&#8221;<\/p>\n<p>Die Schule hat nat\u00fcrlich auch eine Ausgabe f\u00fcr jedes Kind bekommen und kann nun auch zuk\u00fcnftig noch auf die Erfahrungen aus den Aktionstagen zur\u00fcckgreifen.<\/p>\n<p>Infos zum Buch unter:\u00a0<a href=\"https:\/\/kristina-merbecks.com\">https:\/\/kristina-merbecks.com<\/a><\/p>\n","protected":false},"excerpt":{"rendered":"<p>Die Geschwister-Stern-Schule in Kirchherten hat in diesem Jahr mit allen 3. und 4. Klassen einen Thementag zur Inklusion gemacht. In Gruppengr\u00f6\u00dfen von 25-30 Kindern hat die Autorin Kristina Merbecks je aus ihrem Buch &#8220;Juri &#8211; ein Bruder wie kein anderer&#8221; gelesen und anschlie\u00dfend in einem Workshop mit den Kindern \u00fcber Themen wie Familie, Geschwister und [&hellip;]<\/p>\n","protected":false},"author":2,"featured_media":1758,"comment_status":"closed","ping_status":"open","sticky":false,"template":"","format":"standard","meta":{"_bbp_topic_count":0,"_bbp_reply_count":0,"_bbp_total_topic_count":0,"_bbp_total_reply_count":0,"_bbp_voice_count":0,"_bbp_anonymous_reply_count":0,"_bbp_topic_count_hidden":0,"_bbp_reply_count_hidden":0,"_bbp_forum_subforum_count":0,"footnotes":""},"categories":[100],"tags":[],"class_list":["post-1757","post","type-post","status-publish","format-standard","has-post-thumbnail","hentry","category-projekte"],"_links":{"self":[{"href":"https:\/\/bedburg-lebt-demokratie.de\/index.php?rest_route=\/wp\/v2\/posts\/1757","targetHints":{"allow":["GET"]}}],"collection":[{"href":"https:\/\/bedburg-lebt-demokratie.de\/index.php?rest_route=\/wp\/v2\/posts"}],"about":[{"href":"https:\/\/bedburg-lebt-demokratie.de\/index.php?rest_route=\/wp\/v2\/types\/post"}],"author":[{"embeddable":true,"href":"https:\/\/bedburg-lebt-demokratie.de\/index.php?rest_route=\/wp\/v2\/users\/2"}],"replies":[{"embeddable":true,"href":"https:\/\/bedburg-lebt-demokratie.de\/index.php?rest_route=%2Fwp%2Fv2%2Fcomments&post=1757"}],"version-history":[{"count":1,"href":"https:\/\/bedburg-lebt-demokratie.de\/index.php?rest_route=\/wp\/v2\/posts\/1757\/revisions"}],"predecessor-version":[{"id":1759,"href":"https:\/\/bedburg-lebt-demokratie.de\/index.php?rest_route=\/wp\/v2\/posts\/1757\/revisions\/1759"}],"wp:featuredmedia":[{"embeddable":true,"href":"https:\/\/bedburg-lebt-demokratie.de\/index.php?rest_route=\/wp\/v2\/media\/1758"}],"wp:attachment":[{"href":"https:\/\/bedburg-lebt-demokratie.de\/index.php?rest_route=%2Fwp%2Fv2%2Fmedia&parent=1757"}],"wp:term":[{"taxonomy":"category","embeddable":true,"href":"https:\/\/bedburg-lebt-demokratie.de\/index.php?rest_route=%2Fwp%2Fv2%2Fcategories&post=1757"},{"taxonomy":"post_tag","embeddable":true,"href":"https:\/\/bedburg-lebt-demokratie.de\/index.php?rest_route=%2Fwp%2Fv2%2Ftags&post=1757"}],"curies":[{"name":"wp","href":"https:\/\/api.w.org\/{rel}","templated":true}]}}