{"id":1795,"date":"2026-01-22T13:03:05","date_gmt":"2026-01-22T12:03:05","guid":{"rendered":"https:\/\/bedburg-lebt-demokratie.de\/?p=1795"},"modified":"2026-02-04T10:03:22","modified_gmt":"2026-02-04T09:03:22","slug":"ehrenamt-lebt","status":"publish","type":"post","link":"https:\/\/bedburg-lebt-demokratie.de\/?p=1795","title":{"rendered":"Ehrenamt lebt!"},"content":{"rendered":"<p>In Bedburg gibt es ein gro\u00dfes soziales Engagement. Es gibt viele Ehrenamtler*innen, die die verschiedenen Vereine, Initiativen und sozialen Institutionen erst m\u00f6glich machen und so die st\u00e4dtische Gemeinschaft tragen. Das Projekt &#8220;Ehrenamt lebt&#8221; m\u00f6chte das Ehrenamt in den Fokus r\u00fccken und einzelne Engagierte B\u00fcrger*innen pr\u00e4sentieren. Dazu wurden Portraitfotos angefertigt und Interviews gef\u00fchrt, die anschlie\u00dfend ver\u00f6ffentlicht wurden (Bedburger Nachrichten und Social Media) und so drei Ziele erreichen:<\/p>\n<ol>\n<li>Das Ehrenamt zu w\u00fcrdigen.<\/li>\n<li>Menschen f\u00fcr&#8217;s Ehrenamt und die verschiedenen M\u00f6glichkeiten zu gewinnen.<\/li>\n<li>Die Diversit\u00e4t im Ehrenamt sowohl bzgl. der Engagierten als auch bez\u00fcglich der Ma\u00dfnahmen zu zeigen.<\/li>\n<\/ol>\n<p>Das Projekt soll in 2026 in \u00fcberarbeiteter Form erg\u00e4nzt werden und dann auch M\u00f6glichkeiten der Vernetzung neuer interessierter Ehrenamtler*innen bieten.<\/p>\n<p>&nbsp;<\/p>\n\n\t\t<style type=\"text\/css\">\n\t\t\t#gallery-1 {\n\t\t\t\tmargin: auto;\n\t\t\t}\n\t\t\t#gallery-1 .gallery-item {\n\t\t\t\tfloat: left;\n\t\t\t\tmargin-top: 10px;\n\t\t\t\ttext-align: center;\n\t\t\t\twidth: 33%;\n\t\t\t}\n\t\t\t#gallery-1 img {\n\t\t\t\tborder: 2px solid #cfcfcf;\n\t\t\t}\n\t\t\t#gallery-1 .gallery-caption {\n\t\t\t\tmargin-left: 0;\n\t\t\t}\n\t\t\t\/* see gallery_shortcode() in wp-includes\/media.php *\/\n\t\t<\/style>\n\t\t<div id='gallery-1' class='gallery galleryid-1795 gallery-columns-3 gallery-size-thumbnail'><dl class='gallery-item'>\n\t\t\t<dt class='gallery-icon portrait'>\n\t\t\t\t<a data-rel=\"iLightbox[postimages]\" data-title=\"Bildschirmfoto 2026-01-22 um 13.00.02\" data-caption=\"\" href='https:\/\/bedburg-lebt-demokratie.de\/?attachment_id=1796'><img loading=\"lazy\" decoding=\"async\" width=\"150\" height=\"150\" src=\"https:\/\/bedburg-lebt-demokratie.de\/wp-content\/uploads\/2026\/01\/Bildschirmfoto-2026-01-22-um-13.00.02-150x150.png\" class=\"attachment-thumbnail size-thumbnail\" alt=\"\" srcset=\"https:\/\/bedburg-lebt-demokratie.de\/wp-content\/uploads\/2026\/01\/Bildschirmfoto-2026-01-22-um-13.00.02-66x66.png 66w, https:\/\/bedburg-lebt-demokratie.de\/wp-content\/uploads\/2026\/01\/Bildschirmfoto-2026-01-22-um-13.00.02-150x150.png 150w\" sizes=\"auto, (max-width: 150px) 100vw, 150px\" \/><\/a>\n\t\t\t<\/dt><\/dl><dl class='gallery-item'>\n\t\t\t<dt class='gallery-icon portrait'>\n\t\t\t\t<a data-rel=\"iLightbox[postimages]\" data-title=\"Bildschirmfoto 2026-01-22 um 12.59.44\" data-caption=\"\" href='https:\/\/bedburg-lebt-demokratie.de\/?attachment_id=1797'><img loading=\"lazy\" decoding=\"async\" width=\"150\" height=\"150\" src=\"https:\/\/bedburg-lebt-demokratie.de\/wp-content\/uploads\/2026\/01\/Bildschirmfoto-2026-01-22-um-12.59.44-150x150.png\" class=\"attachment-thumbnail size-thumbnail\" alt=\"\" srcset=\"https:\/\/bedburg-lebt-demokratie.de\/wp-content\/uploads\/2026\/01\/Bildschirmfoto-2026-01-22-um-12.59.44-66x66.png 66w, https:\/\/bedburg-lebt-demokratie.de\/wp-content\/uploads\/2026\/01\/Bildschirmfoto-2026-01-22-um-12.59.44-150x150.png 150w\" sizes=\"auto, (max-width: 150px) 100vw, 150px\" \/><\/a>\n\t\t\t<\/dt><\/dl><dl class='gallery-item'>\n\t\t\t<dt class='gallery-icon portrait'>\n\t\t\t\t<a data-rel=\"iLightbox[postimages]\" data-title=\"Bildschirmfoto 2026-01-22 um 12.59.17\" data-caption=\"\" href='https:\/\/bedburg-lebt-demokratie.de\/?attachment_id=1798'><img loading=\"lazy\" decoding=\"async\" width=\"150\" height=\"150\" src=\"https:\/\/bedburg-lebt-demokratie.de\/wp-content\/uploads\/2026\/01\/Bildschirmfoto-2026-01-22-um-12.59.17-150x150.png\" class=\"attachment-thumbnail size-thumbnail\" alt=\"\" srcset=\"https:\/\/bedburg-lebt-demokratie.de\/wp-content\/uploads\/2026\/01\/Bildschirmfoto-2026-01-22-um-12.59.17-66x66.png 66w, https:\/\/bedburg-lebt-demokratie.de\/wp-content\/uploads\/2026\/01\/Bildschirmfoto-2026-01-22-um-12.59.17-150x150.png 150w\" sizes=\"auto, (max-width: 150px) 100vw, 150px\" \/><\/a>\n\t\t\t<\/dt><\/dl><br style=\"clear: both\" \/>\n\t\t<\/div>\n\n","protected":false},"excerpt":{"rendered":"<p>In Bedburg gibt es ein gro\u00dfes soziales Engagement. Es gibt viele Ehrenamtler*innen, die die verschiedenen Vereine, Initiativen und sozialen Institutionen erst m\u00f6glich machen und so die st\u00e4dtische Gemeinschaft tragen. Das Projekt &#8220;Ehrenamt lebt&#8221; m\u00f6chte das Ehrenamt in den Fokus r\u00fccken und einzelne Engagierte B\u00fcrger*innen pr\u00e4sentieren. Dazu wurden Portraitfotos angefertigt und Interviews gef\u00fchrt, die anschlie\u00dfend ver\u00f6ffentlicht [&hellip;]<\/p>\n","protected":false},"author":2,"featured_media":1802,"comment_status":"closed","ping_status":"open","sticky":false,"template":"","format":"standard","meta":{"_bbp_topic_count":0,"_bbp_reply_count":0,"_bbp_total_topic_count":0,"_bbp_total_reply_count":0,"_bbp_voice_count":0,"_bbp_anonymous_reply_count":0,"_bbp_topic_count_hidden":0,"_bbp_reply_count_hidden":0,"_bbp_forum_subforum_count":0,"footnotes":""},"categories":[100],"tags":[],"class_list":["post-1795","post","type-post","status-publish","format-standard","has-post-thumbnail","hentry","category-projekte"],"_links":{"self":[{"href":"https:\/\/bedburg-lebt-demokratie.de\/index.php?rest_route=\/wp\/v2\/posts\/1795","targetHints":{"allow":["GET"]}}],"collection":[{"href":"https:\/\/bedburg-lebt-demokratie.de\/index.php?rest_route=\/wp\/v2\/posts"}],"about":[{"href":"https:\/\/bedburg-lebt-demokratie.de\/index.php?rest_route=\/wp\/v2\/types\/post"}],"author":[{"embeddable":true,"href":"https:\/\/bedburg-lebt-demokratie.de\/index.php?rest_route=\/wp\/v2\/users\/2"}],"replies":[{"embeddable":true,"href":"https:\/\/bedburg-lebt-demokratie.de\/index.php?rest_route=%2Fwp%2Fv2%2Fcomments&post=1795"}],"version-history":[{"count":2,"href":"https:\/\/bedburg-lebt-demokratie.de\/index.php?rest_route=\/wp\/v2\/posts\/1795\/revisions"}],"predecessor-version":[{"id":1801,"href":"https:\/\/bedburg-lebt-demokratie.de\/index.php?rest_route=\/wp\/v2\/posts\/1795\/revisions\/1801"}],"wp:featuredmedia":[{"embeddable":true,"href":"https:\/\/bedburg-lebt-demokratie.de\/index.php?rest_route=\/wp\/v2\/media\/1802"}],"wp:attachment":[{"href":"https:\/\/bedburg-lebt-demokratie.de\/index.php?rest_route=%2Fwp%2Fv2%2Fmedia&parent=1795"}],"wp:term":[{"taxonomy":"category","embeddable":true,"href":"https:\/\/bedburg-lebt-demokratie.de\/index.php?rest_route=%2Fwp%2Fv2%2Fcategories&post=1795"},{"taxonomy":"post_tag","embeddable":true,"href":"https:\/\/bedburg-lebt-demokratie.de\/index.php?rest_route=%2Fwp%2Fv2%2Ftags&post=1795"}],"curies":[{"name":"wp","href":"https:\/\/api.w.org\/{rel}","templated":true}]}}